{"id":2183,"date":"2023-12-22T16:22:50","date_gmt":"2023-12-22T15:22:50","guid":{"rendered":"https:\/\/cera-aikibudo.com\/?p=2183"},"modified":"2024-01-15T18:53:20","modified_gmt":"2024-01-15T17:53:20","slug":"stage-anniversaire-50-ans-du-cera-et-40-ans-de-la-fksr-a-bretigny-sur-orge","status":"publish","type":"post","link":"https:\/\/cera-aikibudo.com\/index.php\/2023\/12\/22\/stage-anniversaire-50-ans-du-cera-et-40-ans-de-la-fksr-a-bretigny-sur-orge\/","title":{"rendered":"Stage Anniversaire 50 ans du CERA et 40 ans de la FKSR \u00e0 Bretigny-sur-Orge"},"content":{"rendered":"<p>Le stage anniversaire a r\u00e9uni pr\u00e8s de 200 personnes les 25 et 26 novembre 2023 dans le superbe dojo du Comit\u00e9 Essonne de Judo \u00e0 Bretigny-Sur-Orge.<\/p>\n<p>Sous la direction de Sensei Alain Floquet , des ateliers d&rsquo;A\u00efkibudo et de Katori Shinto Ryu ont \u00e9t\u00e9 men\u00e9s simultan\u00e9ment par les kodansha, venus nombreux pour l&rsquo;occasion.<\/p>\n<p>Nous avons \u00e9t\u00e9 heureux de partager ces moments avec tous les pratiquants venus parfois de tr\u00e8s loin : Canada, Maroc, Pays-Bas, Tch\u00e9quie, Pologne, Luxembourg, Roumanie, Suisse et de toutes les r\u00e9gions de France : Alsace, Normandie, Hauts-de-France, PACA, Occitanie, Ile de France.<\/p>\n<p>L&rsquo;ambiance \u00e9tait au travail, mais aussi au partage et \u00e0 l&rsquo;amiti\u00e9.<\/p>\n<p>Des discours ont \u00e9t\u00e9 prononc\u00e9s le samedi soir en l&rsquo;honneur du CERA et de la FKSR. Un hommage a \u00e9t\u00e9 rendu \u00e0 notre pr\u00e9sident Jean-Marc Papadacci. Des dipl\u00f4mes du 1er au 6e dan ont \u00e9t\u00e9 remis, F\u00e9licitations \u00e0 tous.<\/p>\n<p>La soir\u00e9e s&rsquo;est poursuivie de fa\u00e7on festive avec un cocktail d\u00eenatoire puis par la d\u00e9monstration des jeunes danseurs de la troupe Yosakoi Paris Hinodemai qui ont su communiquer beaucoup de leur joie et de leur \u00e9nergie en faisant danser les A\u00efkibudokas lors de l&rsquo;initiation au Yosakoi, une danse sportive japonaise de Groupe.<\/p>\n<p>Nous reviendrons plus en d\u00e9tails sur le stage et les \u00e9v\u00e9nements dans la prochaine lettre du CERA.<\/p>\n<p>En attendant, vous pouvez consulter les photos du stage sur notre page Facebook. elles seront bient\u00f4t disponibles sur le site.<\/p>\n<figure id=\"attachment_2184\" aria-describedby=\"caption-attachment-2184\" style=\"width: 1920px\" class=\"wp-caption alignnone\"><img loading=\"lazy\" decoding=\"async\" class=\"wp-image-2184 size-full\" src=\"http:\/\/cera-aikibudo.com\/wp-content\/uploads\/2023\/12\/Aikibudo-02.jpg\" alt=\"\" width=\"1920\" height=\"802\" srcset=\"https:\/\/cera-aikibudo.com\/wp-content\/uploads\/2023\/12\/Aikibudo-02.jpg 1920w, https:\/\/cera-aikibudo.com\/wp-content\/uploads\/2023\/12\/Aikibudo-02-300x125.jpg 300w, https:\/\/cera-aikibudo.com\/wp-content\/uploads\/2023\/12\/Aikibudo-02-1024x428.jpg 1024w, https:\/\/cera-aikibudo.com\/wp-content\/uploads\/2023\/12\/Aikibudo-02-768x321.jpg 768w, https:\/\/cera-aikibudo.com\/wp-content\/uploads\/2023\/12\/Aikibudo-02-1536x642.jpg 1536w\" sizes=\"auto, (max-width: 767px) 89vw, (max-width: 1000px) 54vw, (max-width: 1071px) 543px, 580px\" \/><figcaption id=\"caption-attachment-2184\" class=\"wp-caption-text\">photo de groupe<\/figcaption><\/figure>\n<p><a href=\"https:\/\/www.facebook.com\/CeraAikibudo\/?locale=fr_FR\" target=\"_blank\" rel=\"noopener\" data-saferedirecturl=\"https:\/\/www.google.com\/url?q=https:\/\/www.facebook.com\/CeraAikibudo\/?locale%3Dfr_FR&amp;source=gmail&amp;ust=1702975614695000&amp;usg=AOvVaw1WnUj-FxXsYgVz3wJz7sLW\">Page Facebook du CERA A\u00efkibudo<\/a><\/p>\n<p><a href=\"https:\/\/m.facebook.com\/people\/F%C3%A9d%C3%A9ration-de-Katori-Shint%C3%B4-Ry%C3%BB\/100069787686799\/\" target=\"_blank\" rel=\"noopener\" data-saferedirecturl=\"https:\/\/www.google.com\/url?q=https:\/\/m.facebook.com\/people\/F%25C3%25A9d%25C3%25A9ration-de-Katori-Shint%25C3%25B4-Ry%25C3%25BB\/100069787686799\/&amp;source=gmail&amp;ust=1702975614695000&amp;usg=AOvVaw013GLUDo1fpGEVdOwF_TWb\">Page facebook de la F\u00e9d\u00e9ration de Katori Shinto Ryu<\/a><\/p>\n<p><a href=\"https:\/\/www.fksr.fr\/\" target=\"_blank\" rel=\"noopener\" data-saferedirecturl=\"https:\/\/www.google.com\/url?q=https:\/\/www.fksr.fr\/&amp;source=gmail&amp;ust=1702975614695000&amp;usg=AOvVaw1iWotndrG9VgekcAcr1noJ\">Site internet de la FKSR<\/a><\/p>\n<p><a href=\"https:\/\/www.hinodemai.fr\/\" target=\"_blank\" rel=\"noopener\" data-saferedirecturl=\"https:\/\/www.google.com\/url?q=https:\/\/www.hinodemai.fr\/&amp;source=gmail&amp;ust=1702975614695000&amp;usg=AOvVaw2RlWxekf26G2WI4OBRMpUd\">Site internet de Yosakoi Paris Hinodemai<\/a><\/p>\n<p>&nbsp;<\/p>\n","protected":false},"excerpt":{"rendered":"<p>Le stage anniversaire a r\u00e9uni pr\u00e8s de 200 personnes les 25 et 26 novembre 2023 dans le superbe dojo du Comit\u00e9 Essonne de Judo \u00e0 Bretigny-Sur-Orge. Sous la direction de Sensei Alain Floquet , des ateliers d&rsquo;A\u00efkibudo et de Katori Shinto Ryu ont \u00e9t\u00e9 men\u00e9s simultan\u00e9ment par les kodansha, venus nombreux pour l&rsquo;occasion. Nous avons &hellip; <\/p>\n<p class=\"link-more\"><a href=\"https:\/\/cera-aikibudo.com\/index.php\/2023\/12\/22\/stage-anniversaire-50-ans-du-cera-et-40-ans-de-la-fksr-a-bretigny-sur-orge\/\" class=\"more-link\">Continuer la lecture<span class=\"screen-reader-text\"> de &laquo;&nbsp;Stage Anniversaire 50 ans du CERA et 40 ans de la FKSR \u00e0 Bretigny-sur-Orge&nbsp;&raquo;<\/span><\/a><\/p>\n","protected":false},"author":95,"featured_media":0,"comment_status":"closed","ping_status":"open","sticky":false,"template":"","format":"standard","meta":{"_uag_custom_page_level_css":"","footnotes":""},"categories":[35],"tags":[],"class_list":["post-2183","post","type-post","status-publish","format-standard","hentry","category-actualites"],"uagb_featured_image_src":{"full":false,"thumbnail":false,"medium":false,"medium_large":false,"large":false,"1536x1536":false,"2048x2048":false,"twentyseventeen-featured-image":false,"twentyseventeen-thumbnail-avatar":false,"rpwe-thumbnail":false},"uagb_author_info":{"display_name":"melanie.iacazio@gmail.com","author_link":"https:\/\/cera-aikibudo.com\/index.php\/author\/melanie-iacaziogmail-com\/"},"uagb_comment_info":0,"uagb_excerpt":"Le stage anniversaire a r\u00e9uni pr\u00e8s de 200 personnes les 25 et 26 novembre 2023 dans le superbe dojo du Comit\u00e9 Essonne de Judo \u00e0 Bretigny-Sur-Orge. Sous la direction de Sensei Alain Floquet , des ateliers d&rsquo;A\u00efkibudo et de Katori Shinto Ryu ont \u00e9t\u00e9 men\u00e9s simultan\u00e9ment par les kodansha, venus nombreux pour l&rsquo;occasion. Nous avons\u2026","_links":{"self":[{"href":"https:\/\/cera-aikibudo.com\/index.php\/wp-json\/wp\/v2\/posts\/2183","targetHints":{"allow":["GET"]}}],"collection":[{"href":"https:\/\/cera-aikibudo.com\/index.php\/wp-json\/wp\/v2\/posts"}],"about":[{"href":"https:\/\/cera-aikibudo.com\/index.php\/wp-json\/wp\/v2\/types\/post"}],"author":[{"embeddable":true,"href":"https:\/\/cera-aikibudo.com\/index.php\/wp-json\/wp\/v2\/users\/95"}],"replies":[{"embeddable":true,"href":"https:\/\/cera-aikibudo.com\/index.php\/wp-json\/wp\/v2\/comments?post=2183"}],"version-history":[{"count":3,"href":"https:\/\/cera-aikibudo.com\/index.php\/wp-json\/wp\/v2\/posts\/2183\/revisions"}],"predecessor-version":[{"id":2190,"href":"https:\/\/cera-aikibudo.com\/index.php\/wp-json\/wp\/v2\/posts\/2183\/revisions\/2190"}],"wp:attachment":[{"href":"https:\/\/cera-aikibudo.com\/index.php\/wp-json\/wp\/v2\/media?parent=2183"}],"wp:term":[{"taxonomy":"category","embeddable":true,"href":"https:\/\/cera-aikibudo.com\/index.php\/wp-json\/wp\/v2\/categories?post=2183"},{"taxonomy":"post_tag","embeddable":true,"href":"https:\/\/cera-aikibudo.com\/index.php\/wp-json\/wp\/v2\/tags?post=2183"}],"curies":[{"name":"wp","href":"https:\/\/api.w.org\/{rel}","templated":true}]}}