{"id":2977,"date":"2025-01-03T12:46:03","date_gmt":"2025-01-03T11:46:03","guid":{"rendered":"https:\/\/cera-aikibudo.com\/?p=2977"},"modified":"2025-04-28T12:20:01","modified_gmt":"2025-04-28T10:20:01","slug":"2977","status":"publish","type":"post","link":"https:\/\/cera-aikibudo.com\/index.php\/2025\/01\/03\/2977\/","title":{"rendered":"V\u0153ux d&rsquo;Alain Floquet Sense\u00ef"},"content":{"rendered":"<p style=\"text-align: center;\">Alain Floquet Sense\u00ef adresse \u00e0 tous les professeurs, dirigeants et pratiquants des clubs Aikibudo et Kobudo, ses v\u0153ux les plus sinc\u00e8res de paix, d&rsquo;harmonie et de prosp\u00e9rit\u00e9, sans oublier la sant\u00e9 pour cette nouvelle ann\u00e9e.<\/p>\n<p style=\"text-align: center;\"><em>Alain Floquet Sense\u00ef, Fondateur de l&rsquo;Aikibudo<\/em>.<\/p>\n<p><img loading=\"lazy\" decoding=\"async\" class=\"alignnone wp-image-2978 size-large\" src=\"http:\/\/cera-aikibudo.com\/wp-content\/uploads\/2025\/01\/Aikibudo-6-1024x683.jpg\" alt=\"\" width=\"525\" height=\"350\" srcset=\"https:\/\/cera-aikibudo.com\/wp-content\/uploads\/2025\/01\/Aikibudo-6-1024x683.jpg 1024w, https:\/\/cera-aikibudo.com\/wp-content\/uploads\/2025\/01\/Aikibudo-6-300x200.jpg 300w, https:\/\/cera-aikibudo.com\/wp-content\/uploads\/2025\/01\/Aikibudo-6-768x512.jpg 768w, https:\/\/cera-aikibudo.com\/wp-content\/uploads\/2025\/01\/Aikibudo-6-1536x1024.jpg 1536w, https:\/\/cera-aikibudo.com\/wp-content\/uploads\/2025\/01\/Aikibudo-6.jpg 1549w\" sizes=\"auto, (max-width: 525px) 100vw, 525px\" \/><\/p>\n","protected":false},"excerpt":{"rendered":"<p>Alain Floquet Sense\u00ef adresse \u00e0 tous les professeurs, dirigeants et pratiquants des clubs Aikibudo et Kobudo, ses v\u0153ux les plus sinc\u00e8res de paix, d&rsquo;harmonie et de prosp\u00e9rit\u00e9, sans oublier la sant\u00e9 pour cette nouvelle ann\u00e9e. Alain Floquet Sense\u00ef, Fondateur de l&rsquo;Aikibudo.<\/p>\n","protected":false},"author":95,"featured_media":0,"comment_status":"closed","ping_status":"open","sticky":false,"template":"","format":"standard","meta":{"_uag_custom_page_level_css":"","footnotes":""},"categories":[35],"tags":[],"class_list":["post-2977","post","type-post","status-publish","format-standard","hentry","category-actualites"],"uagb_featured_image_src":{"full":false,"thumbnail":false,"medium":false,"medium_large":false,"large":false,"1536x1536":false,"2048x2048":false,"twentyseventeen-featured-image":false,"twentyseventeen-thumbnail-avatar":false,"rpwe-thumbnail":false},"uagb_author_info":{"display_name":"melanie.iacazio@gmail.com","author_link":"https:\/\/cera-aikibudo.com\/index.php\/author\/melanie-iacaziogmail-com\/"},"uagb_comment_info":0,"uagb_excerpt":"Alain Floquet Sense\u00ef adresse \u00e0 tous les professeurs, dirigeants et pratiquants des clubs Aikibudo et Kobudo, ses v\u0153ux les plus sinc\u00e8res de paix, d&rsquo;harmonie et de prosp\u00e9rit\u00e9, sans oublier la sant\u00e9 pour cette nouvelle ann\u00e9e. Alain Floquet Sense\u00ef, Fondateur de l&rsquo;Aikibudo.","_links":{"self":[{"href":"https:\/\/cera-aikibudo.com\/index.php\/wp-json\/wp\/v2\/posts\/2977","targetHints":{"allow":["GET"]}}],"collection":[{"href":"https:\/\/cera-aikibudo.com\/index.php\/wp-json\/wp\/v2\/posts"}],"about":[{"href":"https:\/\/cera-aikibudo.com\/index.php\/wp-json\/wp\/v2\/types\/post"}],"author":[{"embeddable":true,"href":"https:\/\/cera-aikibudo.com\/index.php\/wp-json\/wp\/v2\/users\/95"}],"replies":[{"embeddable":true,"href":"https:\/\/cera-aikibudo.com\/index.php\/wp-json\/wp\/v2\/comments?post=2977"}],"version-history":[{"count":4,"href":"https:\/\/cera-aikibudo.com\/index.php\/wp-json\/wp\/v2\/posts\/2977\/revisions"}],"predecessor-version":[{"id":3039,"href":"https:\/\/cera-aikibudo.com\/index.php\/wp-json\/wp\/v2\/posts\/2977\/revisions\/3039"}],"wp:attachment":[{"href":"https:\/\/cera-aikibudo.com\/index.php\/wp-json\/wp\/v2\/media?parent=2977"}],"wp:term":[{"taxonomy":"category","embeddable":true,"href":"https:\/\/cera-aikibudo.com\/index.php\/wp-json\/wp\/v2\/categories?post=2977"},{"taxonomy":"post_tag","embeddable":true,"href":"https:\/\/cera-aikibudo.com\/index.php\/wp-json\/wp\/v2\/tags?post=2977"}],"curies":[{"name":"wp","href":"https:\/\/api.w.org\/{rel}","templated":true}]}}